{"id":1913,"date":"2023-10-05T13:50:01","date_gmt":"2023-10-05T13:50:01","guid":{"rendered":"https:\/\/www.drivetoimprove.com\/?p=1913"},"modified":"2023-10-05T14:09:20","modified_gmt":"2023-10-05T14:09:20","slug":"video-gestion-del-cambio-de-forma-organica-y-cocreado","status":"publish","type":"post","link":"https:\/\/www.drivetoimprove.com\/es\/video-gestion-del-cambio-de-forma-organica-y-cocreado\/","title":{"rendered":"Video sobre gestionar el cambio de forma org\u00e1nica y cocreado"},"content":{"rendered":"\n<figure class=\"wp-block-image size-large\"><div class=\"wp-block-image size-large\">\n<iframe loading=\"lazy\" title=\"Gesti\u00f3n del Cambio - Por m\u00e1s que lo intentes el cambio no puede controlarse\" width=\"680\" height=\"510\" src=\"https:\/\/www.youtube-nocookie.com\/embed\/aMSzipk7scA?feature=oembed\" frameborder=\"0\" allow=\"accelerometer; autoplay; clipboard-write; encrypted-media; gyroscope; picture-in-picture; web-share\" allowfullscreen><\/iframe>\n<\/div><\/figure>\n\n\n\n<h2 class=\"wp-block-heading\">Estamos en tiempos de cambio y nos llegan mensajes de que debemos adaptarnos a ellos pero \u00bfsabemos c\u00f3mo nos afecta a cada uno? \u00bfest\u00e1n las organizaciones gestionando el cambio de forma que sea incluyente y adaptado a cada persona? \u00bfSe puede controlar? En esta charla hablaremos c\u00f3mo el cambio afecta al individuo y se mostrar\u00e1n diversos ejemplos de c\u00f3mo lo hacen algunas organizaciones con el fin de hacer un cambio m\u00e1s org\u00e1nico y co-creado.<\/h2>\n\n\n\n<div class=\"wp-block-columns is-layout-flex wp-container-3 wp-block-columns-is-layout-flex\">\n<div class=\"wp-block-column is-layout-flow wp-block-column-is-layout-flow\"><\/div>\n\n\n\n<div class=\"wp-block-column is-layout-flow wp-block-column-is-layout-flow\">\n<p><\/p>\n<\/div>\n<\/div>\n","protected":false},"excerpt":{"rendered":"<p>Estamos en tiempos de cambio y nos llegan mensajes de que debemos adaptarnos a ellos pero \u00bfsabemos c\u00f3mo nos afecta a cada uno? \u00bfest\u00e1n las organizaciones gestionando el cambio de forma que sea incluyente y adaptado a cada persona? \u00bfSe puede controlar? En esta charla hablaremos c\u00f3mo el cambio afecta al individuo y se mostrar\u00e1n&#8230; <a class=\"excerpt-read-more\" href=\"https:\/\/www.drivetoimprove.com\/es\/video-gestion-del-cambio-de-forma-organica-y-cocreado\/\" title=\"Read Video sobre gestionar el cambio de forma org\u00e1nica y cocreado\">Leer m\u00e1s &raquo;<\/a><\/p>\n","protected":false},"author":4,"featured_media":1915,"comment_status":"open","ping_status":"open","sticky":false,"template":"","format":"standard","meta":{"footnotes":""},"categories":[74],"tags":[84,91,93],"acf":[],"yoast_head":"<!-- This site is optimized with the Yoast SEO plugin v21.3 - https:\/\/yoast.com\/wordpress\/plugins\/seo\/ -->\n<title>Video sobre gestionar el cambio de forma org\u00e1nica y cocreado - DriveToImprove<\/title>\n<meta name=\"description\" content=\"En esta charla hablaremos c\u00f3mo el cambio afecta al individuo y se mostrar\u00e1n diversos ejemplos de c\u00f3mo lo hacen algunas organizaciones con el fin de hacer un cambio m\u00e1s org\u00e1nico y co-creado.\" \/>\n<meta name=\"robots\" content=\"index, follow, max-snippet:-1, max-image-preview:large, max-video-preview:-1\" \/>\n<link rel=\"canonical\" href=\"https:\/\/www.drivetoimprove.com\/es\/video-gestion-del-cambio-de-forma-organica-y-cocreado\/\" \/>\n<meta property=\"og:locale\" content=\"es_ES\" \/>\n<meta property=\"og:type\" content=\"article\" \/>\n<meta property=\"og:title\" content=\"Video sobre gestionar el cambio de forma org\u00e1nica y cocreado - DriveToImprove\" \/>\n<meta property=\"og:description\" content=\"En esta charla hablaremos c\u00f3mo el cambio afecta al individuo y se mostrar\u00e1n diversos ejemplos de c\u00f3mo lo hacen algunas organizaciones con el fin de hacer un cambio m\u00e1s org\u00e1nico y co-creado.\" \/>\n<meta property=\"og:url\" content=\"https:\/\/www.drivetoimprove.com\/es\/video-gestion-del-cambio-de-forma-organica-y-cocreado\/\" \/>\n<meta property=\"og:site_name\" content=\"DriveToImprove\" \/>\n<meta property=\"article:published_time\" content=\"2023-10-05T13:50:01+00:00\" \/>\n<meta property=\"article:modified_time\" content=\"2023-10-05T14:09:20+00:00\" \/>\n<meta name=\"author\" content=\"Drive to Improve\" \/>\n<meta name=\"twitter:card\" content=\"summary_large_image\" \/>\n<meta name=\"twitter:image\" content=\"https:\/\/www.drivetoimprove.com\/wp-content\/uploads\/2023\/10\/pexels-nataliya-vaitkevich-6120219-1.svg\" \/>\n<meta name=\"twitter:label1\" content=\"Escrito por\" \/>\n\t<meta name=\"twitter:data1\" content=\"Drive to Improve\" \/>\n\t<meta name=\"twitter:label2\" content=\"Tiempo de lectura\" \/>\n\t<meta name=\"twitter:data2\" content=\"1 minuto\" \/>\n<script type=\"application\/ld+json\" class=\"yoast-schema-graph\">{\"@context\":\"https:\/\/schema.org\",\"@graph\":[{\"@type\":\"WebPage\",\"@id\":\"https:\/\/www.drivetoimprove.com\/es\/video-gestion-del-cambio-de-forma-organica-y-cocreado\/\",\"url\":\"https:\/\/www.drivetoimprove.com\/es\/video-gestion-del-cambio-de-forma-organica-y-cocreado\/\",\"name\":\"Video sobre gestionar el cambio de forma org\u00e1nica y cocreado - DriveToImprove\",\"isPartOf\":{\"@id\":\"https:\/\/www.drivetoimprove.com\/es\/#website\"},\"datePublished\":\"2023-10-05T13:50:01+00:00\",\"dateModified\":\"2023-10-05T14:09:20+00:00\",\"author\":{\"@id\":\"https:\/\/www.drivetoimprove.com\/es\/#\/schema\/person\/7d4e01438da641ff13785fffc99f4208\"},\"description\":\"En esta charla hablaremos c\u00f3mo el cambio afecta al individuo y se mostrar\u00e1n diversos ejemplos de c\u00f3mo lo hacen algunas organizaciones con el fin de hacer un cambio m\u00e1s org\u00e1nico y co-creado.\",\"breadcrumb\":{\"@id\":\"https:\/\/www.drivetoimprove.com\/es\/video-gestion-del-cambio-de-forma-organica-y-cocreado\/#breadcrumb\"},\"inLanguage\":\"es\",\"potentialAction\":[{\"@type\":\"ReadAction\",\"target\":[\"https:\/\/www.drivetoimprove.com\/es\/video-gestion-del-cambio-de-forma-organica-y-cocreado\/\"]}]},{\"@type\":\"BreadcrumbList\",\"@id\":\"https:\/\/www.drivetoimprove.com\/es\/video-gestion-del-cambio-de-forma-organica-y-cocreado\/#breadcrumb\",\"itemListElement\":[{\"@type\":\"ListItem\",\"position\":1,\"name\":\"Home\",\"item\":\"https:\/\/www.drivetoimprove.com\/es\/home\/\"},{\"@type\":\"ListItem\",\"position\":2,\"name\":\"Video sobre gestionar el cambio de forma org\u00e1nica y cocreado\"}]},{\"@type\":\"WebSite\",\"@id\":\"https:\/\/www.drivetoimprove.com\/es\/#website\",\"url\":\"https:\/\/www.drivetoimprove.com\/es\/\",\"name\":\"DriveToImprove\",\"description\":\"\",\"potentialAction\":[{\"@type\":\"SearchAction\",\"target\":{\"@type\":\"EntryPoint\",\"urlTemplate\":\"https:\/\/www.drivetoimprove.com\/es\/?s={search_term_string}\"},\"query-input\":\"required name=search_term_string\"}],\"inLanguage\":\"es\"},{\"@type\":\"Person\",\"@id\":\"https:\/\/www.drivetoimprove.com\/es\/#\/schema\/person\/7d4e01438da641ff13785fffc99f4208\",\"name\":\"Drive to Improve\",\"image\":{\"@type\":\"ImageObject\",\"inLanguage\":\"es\",\"@id\":\"https:\/\/www.drivetoimprove.com\/es\/#\/schema\/person\/image\/\",\"url\":\"https:\/\/secure.gravatar.com\/avatar\/b0ff074222cc6c8d6e73995e7e9ba98a?s=96&d=mm&r=g\",\"contentUrl\":\"https:\/\/secure.gravatar.com\/avatar\/b0ff074222cc6c8d6e73995e7e9ba98a?s=96&d=mm&r=g\",\"caption\":\"Drive to Improve\"},\"url\":\"https:\/\/www.drivetoimprove.com\/es\/author\/drive-to-improve\/\"}]}<\/script>\n<!-- \/ Yoast SEO plugin. -->","yoast_head_json":{"title":"Video sobre gestionar el cambio de forma org\u00e1nica y cocreado - DriveToImprove","description":"En esta charla hablaremos c\u00f3mo el cambio afecta al individuo y se mostrar\u00e1n diversos ejemplos de c\u00f3mo lo hacen algunas organizaciones con el fin de hacer un cambio m\u00e1s org\u00e1nico y co-creado.","robots":{"index":"index","follow":"follow","max-snippet":"max-snippet:-1","max-image-preview":"max-image-preview:large","max-video-preview":"max-video-preview:-1"},"canonical":"https:\/\/www.drivetoimprove.com\/es\/video-gestion-del-cambio-de-forma-organica-y-cocreado\/","og_locale":"es_ES","og_type":"article","og_title":"Video sobre gestionar el cambio de forma org\u00e1nica y cocreado - DriveToImprove","og_description":"En esta charla hablaremos c\u00f3mo el cambio afecta al individuo y se mostrar\u00e1n diversos ejemplos de c\u00f3mo lo hacen algunas organizaciones con el fin de hacer un cambio m\u00e1s org\u00e1nico y co-creado.","og_url":"https:\/\/www.drivetoimprove.com\/es\/video-gestion-del-cambio-de-forma-organica-y-cocreado\/","og_site_name":"DriveToImprove","article_published_time":"2023-10-05T13:50:01+00:00","article_modified_time":"2023-10-05T14:09:20+00:00","author":"Drive to Improve","twitter_card":"summary_large_image","twitter_image":"https:\/\/www.drivetoimprove.com\/wp-content\/uploads\/2023\/10\/pexels-nataliya-vaitkevich-6120219-1.svg","twitter_misc":{"Escrito por":"Drive to Improve","Tiempo de lectura":"1 minuto"},"schema":{"@context":"https:\/\/schema.org","@graph":[{"@type":"WebPage","@id":"https:\/\/www.drivetoimprove.com\/es\/video-gestion-del-cambio-de-forma-organica-y-cocreado\/","url":"https:\/\/www.drivetoimprove.com\/es\/video-gestion-del-cambio-de-forma-organica-y-cocreado\/","name":"Video sobre gestionar el cambio de forma org\u00e1nica y cocreado - DriveToImprove","isPartOf":{"@id":"https:\/\/www.drivetoimprove.com\/es\/#website"},"datePublished":"2023-10-05T13:50:01+00:00","dateModified":"2023-10-05T14:09:20+00:00","author":{"@id":"https:\/\/www.drivetoimprove.com\/es\/#\/schema\/person\/7d4e01438da641ff13785fffc99f4208"},"description":"En esta charla hablaremos c\u00f3mo el cambio afecta al individuo y se mostrar\u00e1n diversos ejemplos de c\u00f3mo lo hacen algunas organizaciones con el fin de hacer un cambio m\u00e1s org\u00e1nico y co-creado.","breadcrumb":{"@id":"https:\/\/www.drivetoimprove.com\/es\/video-gestion-del-cambio-de-forma-organica-y-cocreado\/#breadcrumb"},"inLanguage":"es","potentialAction":[{"@type":"ReadAction","target":["https:\/\/www.drivetoimprove.com\/es\/video-gestion-del-cambio-de-forma-organica-y-cocreado\/"]}]},{"@type":"BreadcrumbList","@id":"https:\/\/www.drivetoimprove.com\/es\/video-gestion-del-cambio-de-forma-organica-y-cocreado\/#breadcrumb","itemListElement":[{"@type":"ListItem","position":1,"name":"Home","item":"https:\/\/www.drivetoimprove.com\/es\/home\/"},{"@type":"ListItem","position":2,"name":"Video sobre gestionar el cambio de forma org\u00e1nica y cocreado"}]},{"@type":"WebSite","@id":"https:\/\/www.drivetoimprove.com\/es\/#website","url":"https:\/\/www.drivetoimprove.com\/es\/","name":"DriveToImprove","description":"","potentialAction":[{"@type":"SearchAction","target":{"@type":"EntryPoint","urlTemplate":"https:\/\/www.drivetoimprove.com\/es\/?s={search_term_string}"},"query-input":"required name=search_term_string"}],"inLanguage":"es"},{"@type":"Person","@id":"https:\/\/www.drivetoimprove.com\/es\/#\/schema\/person\/7d4e01438da641ff13785fffc99f4208","name":"Drive to Improve","image":{"@type":"ImageObject","inLanguage":"es","@id":"https:\/\/www.drivetoimprove.com\/es\/#\/schema\/person\/image\/","url":"https:\/\/secure.gravatar.com\/avatar\/b0ff074222cc6c8d6e73995e7e9ba98a?s=96&d=mm&r=g","contentUrl":"https:\/\/secure.gravatar.com\/avatar\/b0ff074222cc6c8d6e73995e7e9ba98a?s=96&d=mm&r=g","caption":"Drive to Improve"},"url":"https:\/\/www.drivetoimprove.com\/es\/author\/drive-to-improve\/"}]}},"_links":{"self":[{"href":"https:\/\/www.drivetoimprove.com\/es\/wp-json\/wp\/v2\/posts\/1913"}],"collection":[{"href":"https:\/\/www.drivetoimprove.com\/es\/wp-json\/wp\/v2\/posts"}],"about":[{"href":"https:\/\/www.drivetoimprove.com\/es\/wp-json\/wp\/v2\/types\/post"}],"author":[{"embeddable":true,"href":"https:\/\/www.drivetoimprove.com\/es\/wp-json\/wp\/v2\/users\/4"}],"replies":[{"embeddable":true,"href":"https:\/\/www.drivetoimprove.com\/es\/wp-json\/wp\/v2\/comments?post=1913"}],"version-history":[{"count":3,"href":"https:\/\/www.drivetoimprove.com\/es\/wp-json\/wp\/v2\/posts\/1913\/revisions"}],"predecessor-version":[{"id":1922,"href":"https:\/\/www.drivetoimprove.com\/es\/wp-json\/wp\/v2\/posts\/1913\/revisions\/1922"}],"wp:featuredmedia":[{"embeddable":true,"href":"https:\/\/www.drivetoimprove.com\/es\/wp-json\/wp\/v2\/media\/1915"}],"wp:attachment":[{"href":"https:\/\/www.drivetoimprove.com\/es\/wp-json\/wp\/v2\/media?parent=1913"}],"wp:term":[{"taxonomy":"category","embeddable":true,"href":"https:\/\/www.drivetoimprove.com\/es\/wp-json\/wp\/v2\/categories?post=1913"},{"taxonomy":"post_tag","embeddable":true,"href":"https:\/\/www.drivetoimprove.com\/es\/wp-json\/wp\/v2\/tags?post=1913"}],"curies":[{"name":"wp","href":"https:\/\/api.w.org\/{rel}","templated":true}]}}